{"id":11,"date":"2009-08-12T23:04:18","date_gmt":"2009-08-13T04:04:18","guid":{"rendered":"http:\/\/cholodeccy.org\/blog\/?p=11"},"modified":"2015-05-12T14:21:08","modified_gmt":"2015-05-12T19:21:08","slug":"skad-pochodza-cholodeccy","status":"publish","type":"post","link":"http:\/\/xn--choodeccy-sub.org\/blog\/?p=11","title":{"rendered":"Sk\u0105d pochodz\u0105 Cho\u0142odeccy?"},"content":{"rendered":"<p>To jest pytanie, kt\u00f3re ma prost\u0105 lub skomplikowan\u0105 odpowied\u017a, zale\u017cnie od tego, na kt\u00f3rym prze\u0142omie czasowym si\u0119 koncentrujemy. Je\u017celi chcemy si\u0119 dowiedzie\u0107 sk\u0105d Cho\u0142odeccy po wojnie przybyli na ziemie nowo odzyskane, to mamy prost\u0105 odpowiedz: na ziemie dolno\u015bl\u0105skie i zachodnio-pomorskie przybyli Cho\u0142odeccy z Wo\u0142ynia, w szczeg\u00f3lno\u015bci z wiosek Kudranki, Budek Kudra\u0144skich, Huty Starej i Huty Starej-Bogudzi\u0119ki. Cho\u0142odeccy z Kudranki i Budek Kudra\u0144skich osiedlili si\u0119 w okolicach Milicza a Cho\u0142odeccy z Huty Starej i Huty Starej-Bogudzi\u0119ki rozsiedlili si\u0119 w woj. zachodnio-pomorskim, chocia\u017c niekt\u00f3rzy r\u00f3wnie\u017c si\u0119 zakorzenili w okolicach Wroc\u0142awia. Natomiast najmniejsza, najs\u0142ynniejsza i najbardziej opisana ga\u0142\u0105\u017a Cho\u0142odeckich z korzeniami z Lwowa mieszka dzi\u015b w Poznaniu, chocia\u017c syn pisarza i historyka J\u00f3zefa Bia\u0142yni Cho\u0142odeckiego zmar\u0142 w Ko\u0142obrzegu w 1947 r. W\u0142a\u015bnie sto lat temu nasz historyk rodzinny przypuszcza\u0142, \u017ce wszyscy Cho\u0142odeccy pochodz\u0105 od jakiego\u015b Bia\u0142yni, kt\u00f3ry dzier\u017cawi\u0142 wie\u015b Cho\u0142odec, kt\u00f3ra le\u017ca\u0142a w okolicach Starokonstantynowa. Wiedzia\u0142 tak\u017ce, \u017ce jego ga\u0142\u0105\u017a Galicyjcska, w czasach rozbior\u00f3w przyby\u0142a z Wo\u0142ynia (Rusi Czerwonej) na ziemie pod Austriackim zaborem.<img loading=\"lazy\" decoding=\"async\" class=\"alignnone wp-image-17 \" title=\"kolo ludwipol2\" src=\"http:\/\/xn--choodeccy-sub.org\/blog\/wp-content\/uploads\/2009\/08\/kolo-ludwipol21.jpg\" alt=\"kolo ludwipol2\" width=\"639\" height=\"269\" srcset=\"http:\/\/xn--choodeccy-sub.org\/blog\/wp-content\/uploads\/2009\/08\/kolo-ludwipol21.jpg 952w, http:\/\/xn--choodeccy-sub.org\/blog\/wp-content\/uploads\/2009\/08\/kolo-ludwipol21-300x126.jpg 300w\" sizes=\"auto, (max-width: 639px) 100vw, 639px\" \/><\/p>\n<p>Wracaj\u0105c do pytania: sk\u0105d przyby\u0142 ten jeden Bia\u0142ynia, nasz pierwszy Cho\u0142odecki? Ot\u00f3\u017c mamy dwa ciekawe dokumenty, kt\u00f3re rzucaj\u0105 nam troch\u0119 \u015bwiat\u0142a na to zapytanie. Pierwszym jest list J\u00f3zefa &#8211; cytuj\u0105c:<\/p>\n<blockquote><p>&#8220;Pochodzimy z Mazowsza z okolicy Rawy. Jeden z Bia\u0142yni\u00f3w przeni\u00f3s\u0142 si\u0119 na Wo\u0142y\u0144, wzi\u0105\u0142 w tenut\u0119 maj\u0105tek od Ksi\u0105\u017c\u0105t Wi\u015bniowieckich, czy Zbarazkich i przybra\u0142 wsi Cho\u0142odec obok Kupiela, nazwisko Cho\u0142odecki. Za czas\u00f3w kr\u00f3la Sobieskiego by\u0142 Kazimierz Cho\u0142odecki temytaryuszem maj\u0105tku Bia\u0142ynia w pow. Starykonstantynowskim bardzo powa\u017cnym obywatelem.&#8221;<\/p>\n<p><img loading=\"lazy\" decoding=\"async\" class=\"alignnone wp-image-19 \" title=\"rawy\" src=\"http:\/\/xn--choodeccy-sub.org\/blog\/wp-content\/uploads\/2009\/08\/rawy.jpg\" alt=\"rawy\" width=\"599\" height=\"206\" srcset=\"http:\/\/xn--choodeccy-sub.org\/blog\/wp-content\/uploads\/2009\/08\/rawy.jpg 1854w, http:\/\/xn--choodeccy-sub.org\/blog\/wp-content\/uploads\/2009\/08\/rawy-300x103.jpg 300w, http:\/\/xn--choodeccy-sub.org\/blog\/wp-content\/uploads\/2009\/08\/rawy-1023x352.jpg 1023w\" sizes=\"auto, (max-width: 599px) 100vw, 599px\" \/><\/p><\/blockquote>\n<p>W tym li\u015bcie J\u00f3zef r\u00f3wnie\u017c podejrzewa\u0142, \u017ce wszyscy Cho\u0142odeccy znajduj\u0105cy si\u0119 &#8220;za kordonem&#8221; w tamtych latach pochodzili od syna Kazimierza Cho\u0142odeckiego, Feliksa. Na dzie\u0144 dzisiejszy wiemy, \u017ce to nieprawda, mamy jeszcze jednego potwierdzonego brata Feliksa &#8211; Tomasza, oraz podejrzewamy, \u017ce\u00a0 drugim bratem by\u0142 Teodor.<\/p>\n<p>Drugim dokumentem m\u00f3wi\u0105cym o tym sk\u0105d Cho\u0142odeccy przybyli na ziemie Wo\u0142y\u0144skie jest spis rodzinny z 1790 roku, i w nim jest podana informacja nast\u0119puj\u0105ca:<\/p>\n<blockquote><p>&#8220;Z woiew\u00f3dztwa Sieradzkiego Powiatu ostrzeszowskiego od Lat 100 wtym Kraju zostaj\u0105.&#8221;<\/p>\n<p><img loading=\"lazy\" decoding=\"async\" class=\"alignnone wp-image-20 size-full\" title=\"sieradz\" src=\"http:\/\/xn--choodeccy-sub.org\/blog\/wp-content\/uploads\/2009\/08\/sieradz.jpg\" alt=\"sieradz\" width=\"426\" height=\"755\" srcset=\"http:\/\/xn--choodeccy-sub.org\/blog\/wp-content\/uploads\/2009\/08\/sieradz.jpg 426w, http:\/\/xn--choodeccy-sub.org\/blog\/wp-content\/uploads\/2009\/08\/sieradz-169x300.jpg 169w\" sizes=\"auto, (max-width: 426px) 100vw, 426px\" \/><\/p><\/blockquote>\n<p>No i mamy do rozwi\u0105zania nie\u0142\u0105tw\u0105 zagadk\u0119, bo przecie\u017c jeden i ten sam Bia\u0142ynia nie m\u00f3g\u0142 by\u0107 z okolic Rawy na Mazowszu i z Powiatu Ostrzeszowskiego?<\/p>\n<p><input id=\"gwProxy\" type=\"hidden\" \/> <input id=\"jsProxy\" type=\"hidden\" \/><\/p>\n","protected":false},"excerpt":{"rendered":"<p>To jest pytanie, kt\u00f3re ma prost\u0105 lub skomplikowan\u0105 odpowied\u017a, zale\u017cnie od tego, na kt\u00f3rym prze\u0142omie czasowym si\u0119 koncentrujemy. Je\u017celi chcemy si\u0119 dowiedzie\u0107 sk\u0105d Cho\u0142odeccy po wojnie przybyli na ziemie nowo odzyskane, to mamy prost\u0105 odpowiedz: na ziemie dolno\u015bl\u0105skie i zachodnio-pomorskie przybyli Cho\u0142odeccy z Wo\u0142ynia, w szczeg\u00f3lno\u015bci z wiosek Kudranki, Budek Kudra\u0144skich, Huty Starej i Huty [&hellip;]<\/p>\n","protected":false},"author":1,"featured_media":0,"comment_status":"open","ping_status":"open","sticky":false,"template":"","format":"standard","meta":{"footnotes":""},"categories":[3],"tags":[9,5,7,13,16,4,10,11,15,12,8,14,6],"class_list":["post-11","post","type-post","status-publish","format-standard","hentry","category-historia","tag-cholodec","tag-huta-stara","tag-jozef-bialynia-cholodecki","tag-kazimierz-cholodecki","tag-klejnot-bialynia","tag-kudranka","tag-kupiel","tag-mazowsze","tag-ostrzeszow","tag-rawa","tag-rozbiory","tag-sieradz","tag-wolyn"],"_links":{"self":[{"href":"http:\/\/xn--choodeccy-sub.org\/blog\/index.php?rest_route=\/wp\/v2\/posts\/11","targetHints":{"allow":["GET"]}}],"collection":[{"href":"http:\/\/xn--choodeccy-sub.org\/blog\/index.php?rest_route=\/wp\/v2\/posts"}],"about":[{"href":"http:\/\/xn--choodeccy-sub.org\/blog\/index.php?rest_route=\/wp\/v2\/types\/post"}],"author":[{"embeddable":true,"href":"http:\/\/xn--choodeccy-sub.org\/blog\/index.php?rest_route=\/wp\/v2\/users\/1"}],"replies":[{"embeddable":true,"href":"http:\/\/xn--choodeccy-sub.org\/blog\/index.php?rest_route=%2Fwp%2Fv2%2Fcomments&post=11"}],"version-history":[{"count":19,"href":"http:\/\/xn--choodeccy-sub.org\/blog\/index.php?rest_route=\/wp\/v2\/posts\/11\/revisions"}],"predecessor-version":[{"id":215,"href":"http:\/\/xn--choodeccy-sub.org\/blog\/index.php?rest_route=\/wp\/v2\/posts\/11\/revisions\/215"}],"wp:attachment":[{"href":"http:\/\/xn--choodeccy-sub.org\/blog\/index.php?rest_route=%2Fwp%2Fv2%2Fmedia&parent=11"}],"wp:term":[{"taxonomy":"category","embeddable":true,"href":"http:\/\/xn--choodeccy-sub.org\/blog\/index.php?rest_route=%2Fwp%2Fv2%2Fcategories&post=11"},{"taxonomy":"post_tag","embeddable":true,"href":"http:\/\/xn--choodeccy-sub.org\/blog\/index.php?rest_route=%2Fwp%2Fv2%2Ftags&post=11"}],"curies":[{"name":"wp","href":"https:\/\/api.w.org\/{rel}","templated":true}]}}