{"id":127,"date":"2009-11-11T13:16:59","date_gmt":"2009-11-11T18:16:59","guid":{"rendered":"http:\/\/cholodeccy.org\/blog\/?p=127"},"modified":"2015-05-12T14:10:06","modified_gmt":"2015-05-12T19:10:06","slug":"nowe-dokumenty-z-ujscia","status":"publish","type":"post","link":"http:\/\/xn--choodeccy-sub.org\/blog\/?p=127","title":{"rendered":"Nowe dokumenty z Ujscia"},"content":{"rendered":"<p>Vitaly Semionoff przes\u0142a\u0142 mi dokument z 1827 roku pokazuj\u0105cy \u017ce Mateusz Cho\u0142odecki i jego \u017cona Katarzyna Starzycka mieszkali w Ujsciu, i co ciekawsze \u017ce s\u0105 spisani w metryce jako &#8220;Szlachta&#8221;. Synowie Mateusza, Ferdynand i W\u0142adys\u0142aw, s\u0105 spisani w ksi\u0119gach Tuczyna w p\u00f3\u017aniejszych latach jako &#8220;krestjanin&#8221; i &#8220;mieszczanin&#8221;, co oznacza \u017ce po 1827 roku stracili swoje uprawnienia szlacheckie. Jest r\u00f3wnie\u017c dokument z 1832 roku z Tuczyna gdzie Mateusz i Katarzyna r\u00f3wnie\u017c nie s\u0105 wymienieni ju\u017c jako szlachta, nie klasa nie jest w metryce wymieniona. Czy wydarzenia z 1831 roku spowodowa\u0142y \u017ce Cho\u0142odeccy linii Mateusza stracili swoje uprawnienia szlacheckie?<br \/>\n<a href=\"http:\/\/xn--choodeccy-sub.org\/blog\/wp-content\/uploads\/2009\/11\/Mateusz18271.jpg\"><img loading=\"lazy\" decoding=\"async\" class=\"aligncenter wp-image-198 \" title=\"Mateusz1827\" src=\"http:\/\/xn--choodeccy-sub.org\/blog\/wp-content\/uploads\/2009\/11\/Mateusz18271.jpg\" alt=\"\" width=\"598\" height=\"448\" srcset=\"http:\/\/xn--choodeccy-sub.org\/blog\/wp-content\/uploads\/2009\/11\/Mateusz18271.jpg 1200w, http:\/\/xn--choodeccy-sub.org\/blog\/wp-content\/uploads\/2009\/11\/Mateusz18271-300x225.jpg 300w, http:\/\/xn--choodeccy-sub.org\/blog\/wp-content\/uploads\/2009\/11\/Mateusz18271-1024x768.jpg 1024w\" sizes=\"auto, (max-width: 598px) 100vw, 598px\" \/><\/a><a href=\"http:\/\/xn--choodeccy-sub.org\/blog\/wp-content\/uploads\/2009\/11\/mateusz1827-2.JPG\"><img loading=\"lazy\" decoding=\"async\" class=\"aligncenter wp-image-129 \" title=\"mateusz1827-2\" src=\"http:\/\/xn--choodeccy-sub.org\/blog\/wp-content\/uploads\/2009\/11\/mateusz1827-2-1024x768.jpg\" alt=\"mateusz1827-2\" width=\"598\" height=\"448\" srcset=\"http:\/\/xn--choodeccy-sub.org\/blog\/wp-content\/uploads\/2009\/11\/mateusz1827-2-1024x768.jpg 1024w, http:\/\/xn--choodeccy-sub.org\/blog\/wp-content\/uploads\/2009\/11\/mateusz1827-2-300x225.jpg 300w, http:\/\/xn--choodeccy-sub.org\/blog\/wp-content\/uploads\/2009\/11\/mateusz1827-2.JPG 1200w\" sizes=\"auto, (max-width: 598px) 100vw, 598px\" \/><\/a><\/p>\n","protected":false},"excerpt":{"rendered":"<p>Vitaly Semionoff przes\u0142a\u0142 mi dokument z 1827 roku pokazuj\u0105cy \u017ce Mateusz Cho\u0142odecki i jego \u017cona Katarzyna Starzycka mieszkali w Ujsciu, i co ciekawsze \u017ce s\u0105 spisani w metryce jako &#8220;Szlachta&#8221;. Synowie Mateusza, Ferdynand i W\u0142adys\u0142aw, s\u0105 spisani w ksi\u0119gach Tuczyna w p\u00f3\u017aniejszych latach jako &#8220;krestjanin&#8221; i &#8220;mieszczanin&#8221;, co oznacza \u017ce po 1827 roku stracili swoje [&hellip;]<\/p>\n","protected":false},"author":1,"featured_media":0,"comment_status":"open","ping_status":"open","sticky":false,"template":"","format":"standard","meta":{"footnotes":""},"categories":[3],"tags":[],"class_list":["post-127","post","type-post","status-publish","format-standard","hentry","category-historia"],"_links":{"self":[{"href":"http:\/\/xn--choodeccy-sub.org\/blog\/index.php?rest_route=\/wp\/v2\/posts\/127","targetHints":{"allow":["GET"]}}],"collection":[{"href":"http:\/\/xn--choodeccy-sub.org\/blog\/index.php?rest_route=\/wp\/v2\/posts"}],"about":[{"href":"http:\/\/xn--choodeccy-sub.org\/blog\/index.php?rest_route=\/wp\/v2\/types\/post"}],"author":[{"embeddable":true,"href":"http:\/\/xn--choodeccy-sub.org\/blog\/index.php?rest_route=\/wp\/v2\/users\/1"}],"replies":[{"embeddable":true,"href":"http:\/\/xn--choodeccy-sub.org\/blog\/index.php?rest_route=%2Fwp%2Fv2%2Fcomments&post=127"}],"version-history":[{"count":9,"href":"http:\/\/xn--choodeccy-sub.org\/blog\/index.php?rest_route=\/wp\/v2\/posts\/127\/revisions"}],"predecessor-version":[{"id":199,"href":"http:\/\/xn--choodeccy-sub.org\/blog\/index.php?rest_route=\/wp\/v2\/posts\/127\/revisions\/199"}],"wp:attachment":[{"href":"http:\/\/xn--choodeccy-sub.org\/blog\/index.php?rest_route=%2Fwp%2Fv2%2Fmedia&parent=127"}],"wp:term":[{"taxonomy":"category","embeddable":true,"href":"http:\/\/xn--choodeccy-sub.org\/blog\/index.php?rest_route=%2Fwp%2Fv2%2Fcategories&post=127"},{"taxonomy":"post_tag","embeddable":true,"href":"http:\/\/xn--choodeccy-sub.org\/blog\/index.php?rest_route=%2Fwp%2Fv2%2Ftags&post=127"}],"curies":[{"name":"wp","href":"https:\/\/api.w.org\/{rel}","templated":true}]}}