{"id":157,"date":"2011-02-24T20:09:39","date_gmt":"2011-02-25T01:09:39","guid":{"rendered":"http:\/\/cholodeccy.org\/blog\/?p=157"},"modified":"2015-05-12T14:03:34","modified_gmt":"2015-05-12T19:03:34","slug":"wolynskie-gniazdo","status":"publish","type":"post","link":"http:\/\/xn--choodeccy-sub.org\/blog\/?p=157","title":{"rendered":"WO\u0141Y\u0143SKIE GNIAZDO"},"content":{"rendered":"<p>Krystyna i Mieczys\u0142aw Metlerowie opisali bardzo ciekawy artyku\u0142 kt\u00f3ry dotyczy nasz\u0105 rodzin\u0119. Krystyna Metler jest z domu Boczkowska \u2013 wnuczka J\u00f3zefa Boczkowskiego i Pelagii z Cho\u0142odeckich. Kawa\u0142ek artyku\u0142u przedstawiam:<\/p>\n<p><a href=\"http:\/\/cho\u0142odeccy.org\/blog\/wp-content\/uploads\/2011\/02\/ScreenShot010.jpg\"><img loading=\"lazy\" decoding=\"async\" class=\"aligncenter wp-image-158 size-full\" title=\"ScreenShot010\" src=\"http:\/\/xn--choodeccy-sub.org\/blog\/wp-content\/uploads\/2011\/02\/ScreenShot010.jpg\" alt=\"\" width=\"504\" height=\"746\" srcset=\"http:\/\/xn--choodeccy-sub.org\/blog\/wp-content\/uploads\/2011\/02\/ScreenShot010.jpg 504w, http:\/\/xn--choodeccy-sub.org\/blog\/wp-content\/uploads\/2011\/02\/ScreenShot010-202x300.jpg 202w\" sizes=\"auto, (max-width: 504px) 100vw, 504px\" \/><\/a><\/p>\n<blockquote><p>Pierwsza dekada XX wieku. Polska nie istnieje na mapach Europy,\u00a0chocia\u017c ruchy spo\u0142eczne i rewolucyjne (1905) zapowiadaj\u0105 zbli\u017caj\u0105c\u0105 si\u0119burz\u0119. Mocarstwa zaborcze, Rosja, Prusy i Austria, intensywnie szkol\u0105swoje armie i wzmacniaj\u0105 potencja\u0142y wojenne. Polacy we wszystkich\u00a0trzech zaborach \u00a0s\u0105 przymusowo wcielani do wojsk zaborc\u00f3w. Na terenach\u00a0dawnej Rzeczypospolitej wci\u0105\u017c \u017cywe \u00a0s\u0105 wspomnienia powsta\u0144listopadowego i styczniowego, nieszcz\u0119\u015bliwie zako\u0144czonych kl\u0119sk\u0105i ci\u0105gn\u0105cymi si\u0119 przez \u00a0d\u0142ugie lata represjami ze strony imperium\u00a0rosyjskiego. Akcje wynarodowiania Polak\u00f3w na zagarni\u0119tych ziemiach nie\u00a0odnosz\u0105 spodziewanych rezultat\u00f3w. W przeciwdzia\u0142aniu temu procesowi\u00a0wielk\u0105 rol\u0119 spe\u0142niaj\u0105, gn\u0119biony przez zaborc\u00f3w Ko\u015bci\u00f3\u0142 oraz bardziej\u00a0\u015bwiat\u0142a cz\u0119\u015b\u0107 naszego spo\u0142ecze\u0144stwa, zw\u0142aszcza patriotyczne ziemia\u0144stwo\u00a0i wielcy tw\u00f3rcy narodowi (Grottger, Kraszewski, Matejko, Moniuszko,\u00a0Reymont, Sienkiewicz, Wyspia\u0144ski, \u017beromski i inni). Jednak na prze\u0142omie\u00a0XIX i XX wieku Europa nie interesuje si\u0119 sprawami Polski. Wygas\u0142o\u00a0pewne zainteresowanie, jakie w XIX wieku spowodowa\u0142y Wiosna Lud\u00f3w,\u00a0Powstanie Styczniowe, Wielka Emigracja oraz Wojna Krymska. Europa\u00a0litowa\u0142a si\u0119 raczej nad losem Grek\u00f3w, Serb\u00f3w, Czarnog\u00f3rc\u00f3w, Bo\u015bniak\u00f3w\u00a0i Alba\u0144czyk\u00f3w. Dopiero pierwsza dekada XX wieku wnosi znacz\u0105ce\u00a0o\u017cywienie w sprawie polskich aspiracji i \u00a0d\u0105\u017ce\u0144 niepodleg\u0142o\u015bciowych.\u00a0Powstaj\u0105 rozmaite koncepcje programowe, cz\u0119sto przeciwstawne (Pi\u0142sudski\u00a0\u2013 Dmowski). Tworzone \u00a0s\u0105 liczne, zw\u0142aszcza w Galicji, zal\u0105\u017cki polskich\u00a0organizacji paramilitarnych (Sok\u00f3\u0142, Polskie Dru\u017cyny Szlacheckie, Dru\u017cyny\u00a0Bartoszowe i wiele innych), a nast\u0119pnie wojskowych (zwi\u0105zki strzeleckie)\u00a0i skautowskich. Powa\u017cn\u0105 rol\u0119 w walce z caratem odgrywaj\u0105 \u00a0m\u0142odzi\u00a0aktywi\u015bci z Organizacji Bojowej Polskiej Partii Socjalistycznej.\u00a0W kwietniu 1906 roku Jan Tomasz Gorzechowski (\u201eJur\u201d) w brawurowej\u00a0akcji uwalnia z Pawiaka dziesi\u0119ciu dzia\u0142aczy PPS skazanych przez \u00a0w\u0142adze\u00a0rosyjskie na \u00a0\u015bmier\u0107 za dzia\u0142alno\u015b\u0107 niepodleg\u0142o\u015bciow\u0105. J\u00f3zef Pi\u0142sudski\u00a0przewiduje trafnie konflikt mi\u0119dzy zaborcami i formu\u0142uje has\u0142o PPS:\u00a0Najpierw wolna Polska, p\u00f3\u017aniej sprawiedliwo\u015b\u0107 spo\u0142eczna.<\/p>\n<p>W tych latach \u00a0m\u0142ody J\u00f3zef Boczkowski syn Tomasza z zacnej,\u00a0wo\u0142y\u0144skiej linii Boczkowskich, zamieszka\u0142ych od pokole\u0144 w powiecie\u00a0r\u00f3wie\u0144skim i matki Wiktorii Grochowskiej z Majdanu Ko\u017ami\u0144skiego,\u00a0rozgl\u0105da si\u0119 za swoj\u0105 przysz\u0142\u0105 ma\u0142\u017conk\u0105. Szczeg\u00f3\u0142y poznania urodziwej,\u00a0wysmuk\u0142ej, czarnow\u0142osej panny Pelagii (c\u00f3rki Henryka i Katarzyny) z rodu\u00a0Cho\u0142odeckich, herbu Bia\u0142ynia, osiad\u0142ego od wiek\u00f3w na ziemi wo\u0142y\u0144skiej,\u00a0kryj\u0105 niestety tajemnice historii. Wiadomym jest, \u00a0\u017ce J\u00f3zef i urodzona\u00a09 marca 1888 roku Pelagia zawarli na Wo\u0142yniu zwi\u0105zek ma\u0142\u017ce\u0144ski.\u00a0Nast\u0119pnie rozpocz\u0119li wsp\u00f3lne \u00a0\u017cycie oraz wsp\u00f3lne gospodarowanie\u00a0w maj\u0105tku dwudziestoletniej panny \u00a0m\u0142odej w Budkach Kudra\u0144skich,\u00a0po\u0142o\u017conych mniej wi\u0119cej w po\u0142owie drogi mi\u0119dzy rzekami Horyniem na\u00a0p\u0142d. zachodzie, a \u00a0S\u0142ucz\u0105 na \u00a0p\u0142n. wschodzie. Ich \u00a0\u015blub mia\u0142 miejsce w 1908\u00a0roku w stylowym, klasycystycznym ko\u015bciele \u00a0\u015aw. Tr\u00f3jcy i \u015aw. Micha\u0142a\u00a0Archanio\u0142a z 1796 r. w Tuczynie nad Horyniem (oddalonym o 18\u00a0kilometr\u00f3w od Budek). To historyczne miasteczko by\u0142o swoistym\u00a0gniazdem znanych, polskich rod\u00f3w \u00a0Puciat\u00f3w, \u00a0Siemiaszk\u00f3w,\u00a0Dani\u0142owicz\u00f3w, Lubomirskich i Walewskich, przy czym ci ostatni byli\u00a0r\u00f3wnie\u017c fundatorami wspomnianego ko\u015bcio\u0142a. Niebiosa \u00a0b\u0142ogos\u0142awi\u0105\u00a0m\u0142odej parze i ich uczucie owocuje przyj\u015bciem na \u015bwiat: Antoniny (1910),\u00a0Franciszki Stanis\u0142awy (1912), Antoniego (1914), Marcelego (1916), J\u00f3zefy\u00a0(1919), Romka (1921), Adeli (1923) i Jadwigi (1926), a jeszcze p\u00f3\u017aniej\u00a0Stasia (1928). Ile\u017c to wydarze\u0144 nast\u0105pi\u0142o w tym okresie na \u00a0\u015bwiecie i na\u00a0ziemiach polskich! Przez Europ\u0119, ale i poza ni\u0105, przetoczy\u0142a si\u0119 I Wojna\u00a0\u015awiatowa i poch\u0142on\u0119\u0142a miliony istnie\u0144. Armie skonfliktowanych zaborc\u00f3w\u00a0spustoszy\u0142y (cz\u0119sto kilkakrotnie) rdzenne ziemie polskie. Panowa\u0142 \u00a0g\u0142\u00f3d\u00a0i wybucha\u0142y epidemie. W latach 1915-1916 na Wo\u0142yniu toczy\u0142y si\u0119 ci\u0119\u017ckie\u00a0walki pozycyjne. Z Rosjanami walczyli Austriacy, a wraz z nimi trzy\u00a0polskie, brygady legionowe, a p\u00f3\u017aniej r\u00f3wnie\u017c Niemcy. Zdarza\u0142y si\u0119 cz\u0119sto\u00a0przypadki, \u00a0\u017ce Polak nie\u015bwiadomie strzela\u0142 do Polaka i dopiero okrzyk\u00a0\u201eMatko Boska! Ratuj!\u201d identyfikowa\u0142 narodowo\u015b\u0107 \u017co\u0142nierza we wrogim\u00a0mundurze. Do historii przesz\u0142a m.in. \u00a0s\u0142ynna bitwa pod Kostiuchn\u00f3wk\u0105 nad\u00a0Styrem, gdzie pi\u0119\u0107 tysi\u0119cy polskich legionist\u00f3w odpiera\u0142o przez kilka dni\u00a0gwa\u0142towne ataki kilkunastu tysi\u0119cy Rosjan podczas ofensywy Brusi\u0142owa.\u00a0J\u00f3zef Boczkowski wr\u00f3ci\u0142 szcz\u0119\u015bliwie do rodzinnego domu, poraniony od\u00a0wybuchu pocisku i z kilkoma od\u0142amkami. Jednak w wyniku wojny i kl\u0119ski\u00a0pa\u0144stw zaborczych oraz dzi\u0119ki \u00a0m\u0105dro\u015bci wielu wybitnych Polak\u00f3w\u00a0powsta\u0142o niepodleg\u0142e pa\u0144stwo polskie, a na Wo\u0142y\u0144 w sierpniu 1919 r.\u00a0wkroczy\u0142a \u201eB\u0142\u0119kitna\u201d Armia genera\u0142a J\u00f3zefa Hallera, witana\u00a0z entuzjazmem przez ludno\u015b\u0107 polsk\u0105, zamieszkuj\u0105c\u0105 od wiek\u00f3w te ziemie.\u00a0Ju\u017c na pocz\u0105tku swego istnienia m\u0142oda Rzeczpospolita zdo\u0142a\u0142a, zbiorowym\u00a0wysi\u0142kiem swoich obywateli, wywalczy\u0107 \u00a0w\u0142asne granice, r\u00f3wnie\u017c na\u00a0wschodzie i odeprze\u0107 nawa\u0142\u0119 bolszewick\u0105. W rodzinie m\u00f3wi\u0142o si\u0119, \u017ce J\u00f3zef\u00a0by\u0142 zdeklarowanym pi\u0142sudczykiem. Nie \u00a0s\u0105 nam znane szczeg\u00f3\u0142owe\u00a0warunki \u017cycia polskich rodzin na ziemi wo\u0142y\u0144skiej, lecz z pewno\u015bci\u0105 by\u0142y\u00a0one bardzo trudne. Ale, jak ju\u017c wspomnieli\u015bmy, w ma\u0142\u017ce\u0144stwie J\u00f3zefa\u00a0i Pelagii Boczkowskich bociany przynosi\u0142y dzieci obu \u00a0p\u0142ci bardzo\u00a0regularnie. Informacje te potwierdza, w znacznej mierze, genealogia rodu\u00a0Cho\u0142odeckich herbu Bia\u0142ynia ods\u0142aniana, z podziwu godn\u0105 pasj\u0105, przez\u00a0m\u0142odszych przedstawicieli rodziny z Milicza. Rodzinne zwi\u0105zki zosta\u0142y\u00a0zaprezentowane na znakomicie redagowanej stronie internetowej\u00a0(www.cholodeccy.org), kt\u00f3r\u0105 nale\u017cy, przy okazji, poleci\u0107 wszystkim\u00a0zainteresowanym.<\/p><\/blockquote>\n<p>Reszta artyku\u0142u jest dost\u0119pna na stronie osadnicy.org, podajemy bezpo\u015bredni link:\u00a0<a href=\"http:\/\/www.osadnicy.org\/gniazdo.pdf\">http:\/\/www.osadnicy.org\/gniazdo.pdf<\/a><\/p>\n<p>&nbsp;<\/p>\n","protected":false},"excerpt":{"rendered":"<p>Krystyna i Mieczys\u0142aw Metlerowie opisali bardzo ciekawy artyku\u0142 kt\u00f3ry dotyczy nasz\u0105 rodzin\u0119. Krystyna Metler jest z domu Boczkowska \u2013 wnuczka J\u00f3zefa Boczkowskiego i Pelagii z Cho\u0142odeckich. Kawa\u0142ek artyku\u0142u przedstawiam: Pierwsza dekada XX wieku. Polska nie istnieje na mapach Europy,\u00a0chocia\u017c ruchy spo\u0142eczne i rewolucyjne (1905) zapowiadaj\u0105 zbli\u017caj\u0105c\u0105 si\u0119burz\u0119. Mocarstwa zaborcze, Rosja, Prusy i Austria, intensywnie szkol\u0105swoje [&hellip;]<\/p>\n","protected":false},"author":1,"featured_media":0,"comment_status":"open","ping_status":"open","sticky":false,"template":"","format":"standard","meta":{"footnotes":""},"categories":[1],"tags":[],"class_list":["post-157","post","type-post","status-publish","format-standard","hentry","category-uncategorized"],"_links":{"self":[{"href":"http:\/\/xn--choodeccy-sub.org\/blog\/index.php?rest_route=\/wp\/v2\/posts\/157","targetHints":{"allow":["GET"]}}],"collection":[{"href":"http:\/\/xn--choodeccy-sub.org\/blog\/index.php?rest_route=\/wp\/v2\/posts"}],"about":[{"href":"http:\/\/xn--choodeccy-sub.org\/blog\/index.php?rest_route=\/wp\/v2\/types\/post"}],"author":[{"embeddable":true,"href":"http:\/\/xn--choodeccy-sub.org\/blog\/index.php?rest_route=\/wp\/v2\/users\/1"}],"replies":[{"embeddable":true,"href":"http:\/\/xn--choodeccy-sub.org\/blog\/index.php?rest_route=%2Fwp%2Fv2%2Fcomments&post=157"}],"version-history":[{"count":3,"href":"http:\/\/xn--choodeccy-sub.org\/blog\/index.php?rest_route=\/wp\/v2\/posts\/157\/revisions"}],"predecessor-version":[{"id":194,"href":"http:\/\/xn--choodeccy-sub.org\/blog\/index.php?rest_route=\/wp\/v2\/posts\/157\/revisions\/194"}],"wp:attachment":[{"href":"http:\/\/xn--choodeccy-sub.org\/blog\/index.php?rest_route=%2Fwp%2Fv2%2Fmedia&parent=157"}],"wp:term":[{"taxonomy":"category","embeddable":true,"href":"http:\/\/xn--choodeccy-sub.org\/blog\/index.php?rest_route=%2Fwp%2Fv2%2Fcategories&post=157"},{"taxonomy":"post_tag","embeddable":true,"href":"http:\/\/xn--choodeccy-sub.org\/blog\/index.php?rest_route=%2Fwp%2Fv2%2Ftags&post=157"}],"curies":[{"name":"wp","href":"https:\/\/api.w.org\/{rel}","templated":true}]}}