{"id":160,"date":"2012-02-03T21:56:14","date_gmt":"2012-02-04T02:56:14","guid":{"rendered":"http:\/\/cholodeccy.org\/blog\/?p=160"},"modified":"2015-05-12T14:22:21","modified_gmt":"2015-05-12T19:22:21","slug":"gdzie-te-ksiazki-jozefa-bialyni-cholodeckiego","status":"publish","type":"post","link":"http:\/\/xn--choodeccy-sub.org\/blog\/?p=160","title":{"rendered":"Gdzie te Ksi\u0105zki J\u00f3zefa Bia\u0142yni Cho\u0142odeckiego?"},"content":{"rendered":"<p>Kiedy zaczyna\u0142em moj\u0105\u00a0podr\u00f3\u017c\u00a0w\u00a0przesz\u0142o\u015b\u0107\u00a0Cho\u0142odeckich jako pierwsz\u0105 rzecz, kt\u00f3r\u0105 zacz\u0105\u0142em szuka\u0107, to legendarn\u0105 w mojej rodzinie ksi\u0105\u017ck\u0119 o\u00a0historii\u00a0Cho\u0142odeckich pod tytu\u0142em <em><a href=\"http:\/\/babel.hathitrust.org\/cgi\/pt?id=inu.30000063858025\">&#8220;Bia\u0142ynia-Cho\u0142odeccy: Uczestnicy spisk\u00f3w, wi\u0119\u017aniowie stanu, wychod\u017acy z ziemi ojczystej w \u015bwietle akt\u00f3w proces\u00f3w politycznych i dokument\u00f3w archiwum familijnego (1831-1863)&#8221;<\/a><\/em>. \u00a0Pierwszy raz ujrza\u0142em t\u0105 ksi\u0105\u017ck\u0119 w 2001 roku, \u00a0kiedy m\u00f3j kuzyn Mateusz Cho\u0142odecki zrobi\u0142 jej kopie podczas studi\u00f3w na Uniwersytecie Poznanskim, zanim dygitalizacja ksi\u0105\u017cek si\u0119 tak na dobr\u0105 rzecz zacz\u0119\u0142a. \u00a0Pami\u0119tam\u00a0jaki poczu\u0142em si\u0119 wtedy zazdrosny. B\u0119d\u0105c studentem na Uniwersytecie Indiana w Bloomington, daleko od Polski, nie posiada\u0142em takich mo\u017cliwo\u015bci dost\u0119pu do dzie\u0142 Cho\u0142odeckiego jak m\u00f3j kuzyn w Polsce.<a href=\"http:\/\/cho\u0142odeccy.org\/blog\/wp-content\/uploads\/2012\/02\/00000005.tif.680.0.0.png\"><img loading=\"lazy\" decoding=\"async\" class=\"alignright wp-image-170 \" title=\"00000005.tif.680.0.0\" src=\"http:\/\/xn--choodeccy-sub.org\/blog\/wp-content\/uploads\/2012\/02\/00000005.tif.680.0.0.png\" alt=\"\" width=\"319\" height=\"510\" srcset=\"http:\/\/xn--choodeccy-sub.org\/blog\/wp-content\/uploads\/2012\/02\/00000005.tif.680.0.0.png 680w, http:\/\/xn--choodeccy-sub.org\/blog\/wp-content\/uploads\/2012\/02\/00000005.tif.680.0.0-187x300.png 187w, http:\/\/xn--choodeccy-sub.org\/blog\/wp-content\/uploads\/2012\/02\/00000005.tif.680.0.0-640x1024.png 640w\" sizes=\"auto, (max-width: 319px) 100vw, 319px\" \/><\/a><\/p>\n<p>Podczas moich kwerend internetowych (z trudem dodam, poniewa\u017c na Google nie by\u0142o dost\u0119pne) znalaz\u0142em\u00a0w ko\u0144cu cyfrow\u0105 wersje tego s\u0142ynnego dzie\u0142a (orygina\u0142 dawno ju\u017c uda\u0142o mi si\u0119 kupi\u0107 na aukcji w Warszawie), i\u00a0o dziwo\u00a0kiedy zobaczy\u0142em pierwsz\u0105\u00a0stron\u0119, na kt\u00f3rej by\u0142o wprost napisane\u00a0: &#8220;Original from Indiana University&#8221;. \u00a0Szczenka\u00a0mi prawie opad\u0142a, to ja szuka\u0142em t\u0105\u00a0ksi\u0105\u017ck\u0119\u00a0po ca\u0142ej Polsce, a kiedy by\u0142em na studiach by\u0142a\u00a0dos\u0142ownie na wyci\u0105gni\u0119cie mojej d\u0142oni. Nie pr\u00f3bowa\u0142em jej szuka\u0107, poniewa\u017c, nie przysz\u0142o mi nawet do g\u0142owy, \u017ce mog\u0142a si\u0119 tam znajdowa\u0107! \u00a0Mo\u017cna t\u0105 ksi\u0105\u017ck\u0119 obejrz\u0119c na stronie hathitrust.org, podaj\u0119\u00a0<a href=\"http:\/\/babel.hathitrust.org\/cgi\/pt?id=inu.30000063858025\">link<\/a>.<\/p>\n<p>Dzi\u0119ki pomocy mojego Taty, tescia Mariana i \u017cony Adriany m\u00f3j zbi\u00f3r obejmuje aktualnie kilkadziesi\u0105t dzie\u0142 Bia\u0142yni-Cho\u0142odeckiego\u00a0 . Jednak najwi\u0119cej mi w tym poszukiwaniu niew\u0105tpliwie pom\u00f3g\u0142 Krzysiek Wawer, kt\u00f3ry wi\u0119cej tych broszurek i ksi\u0105\u017ceczek mi znalaz\u0142 ni\u017c ja sam. Jak go widuje raz do roku (kiedy si\u0119 udaje) to cz\u0119sto\u00a0s\u0142ysz\u0119\u00a0s\u0142owa od niego &#8220;mam\u00a0co\u015b\u00a0dla ciebie w domu!&#8221;, a to co\u015b (chocia\u017c raz by\u0142o pi\u0119knym obrazem Mozi Kawa), to jest\u00a0najcz\u0119\u015bciej\u00a0ksi\u0105\u017ck\u0105 w\u0142a\u015bnie mi bliskiego Bia\u0142yni-Cho\u0142odeckiego.<\/p>\n<p>Jedna z wa\u017cniejszych prac J\u00f3zefa to\u00a0<em><a href=\"http:\/\/www.wbc.poznan.pl\/dlibra\/docmetadata?id=63455&amp;from=&amp;dirids=1&amp;ver_id=&amp;lp=6&amp;QI=\">&#8220;Ksi\u0119ga pami\u0105tkowa opracowana staraniem Komitetu Obywatelskiego w czterdziest\u0105 rocznic\u0119 powstania r. 1863\/1864&#8221;<\/a><\/em> , zdoby\u0142em j\u0105 kilka lat temu na Allegro prosz\u0105c mego te\u015bcia Mariana \u017ceby mi j\u0105 zakupi\u0142, a teraz mo\u017cna ca\u0142\u0105\u00a0ksi\u0105\u017ck\u0119\u00a0zobaczy\u0107 na Wielkopolskiej Bibliotece Cyfrowej. \u00a0R\u00f3wnie\u017c mo\u017cna przeczyta\u0107 w Wielkopolskiej bibliotece nast\u0119puj\u0105c\u0105 ksi\u0105\u017cke J\u00f3zefa: \u00a0<em><a href=\"http:\/\/www.wbc.poznan.pl\/dlibra\/docmetadata?id=2050&amp;from=&amp;dirids=1&amp;ver_id=&amp;lp=3&amp;QI=\">&#8220;Wi\u0105zanka szczeg\u00f3\u0142\u00f3w z dziej\u00f3w powstania\u00a0styczniowego&#8221;<\/a>.<\/em><\/p>\n<p>Najwi\u0119ksza ilo\u015bc prac Cho\u0142odeckiego znajduje si\u0119 na stronie\u00a0<a href=\"http:\/\/www.sbc.org.pl\/dlibra\/aresults?action=SearchAction&amp;QI=68B975234FAD82E4EC1E3C80CE647E5D-24\">Sl\u0105skiej Bibliotece Cyfrowej<\/a>, s\u0105 tam prace mi\u0119dzy innymi zajmuj\u0105ce si\u0119 Lwowem, ze szkicami biograficzynymi Kamili Poh, D\u0105b-Dobcza\u0144skich, Henryk Schmitta itd.<\/p>\n<p>Nast\u0119pnie na stronie\u00a0Cyfrowej Kolekcji Biblioteki Naukowej TPN mo\u017cemy przeczyta\u0107 \u00a0<em>&#8220;<a href=\"http:\/\/tpn.pbp.webd.pl\/wwwdigi\/cholodeckiwyprawynakolbuszowe\/index.html\">Wyprawy na Kolbuszow\u0119 R. 1833. w \u015bwietle akt\u00f3w procesu karnego przeciw pu\u0142kownikowi J\u00f3zefowi Zaliwskiemu i wsp\u00f3lnikom<\/a>&#8220;. <\/em><\/p>\n<p>Na stronie Sanockiej Bibliotece Cyfrowej znajduj\u0105\u00a0si\u0119\u00a0dwa dzie\u0142a Cho\u0142odeckiego: \u00a0<em><a href=\"http:\/\/www.sanockabibliotekacyfrowa.pl\/dlibra\/docmetadata?id=221&amp;from=&amp;dirids=1\">&#8220;Cmentarzyska i groby naszych bohater\u00f3w z lat 1794-1864 na terenie Wschodniej Ma\u0142opolski&#8221;<\/a> <\/em>i <em><a href=\"http:\/\/www.sanockabibliotekacyfrowa.pl\/dlibra\/docmetadata?id=212&amp;from=&amp;dirids=1\">&#8220;Sanockie w r. 1846 : (wspomnienie w sze\u015b\u0107dziesi\u0105t\u0105 rocznic\u0119 wypadk\u00f3w)&#8221;<\/a><\/em><\/p>\n<p>Nale\u017cy pami\u0119ta\u0107, chocia\u017c m\u00f3wi\u0105 \u017ce w internecie nic nie ginie, to nie jest prawd\u0105.\u00a0 Niekt\u00f3re strony trac\u0105 fundusze i zanikaj\u0105, a wraz znimy te ksi\u0105\u017cki, wi\u0119c ja teraz r\u00f3wnie\u017c kolekcjonuje te wersje cyfrowe.<\/p>\n<p>&nbsp;<\/p>\n","protected":false},"excerpt":{"rendered":"<p>Kiedy zaczyna\u0142em moj\u0105\u00a0podr\u00f3\u017c\u00a0w\u00a0przesz\u0142o\u015b\u0107\u00a0Cho\u0142odeckich jako pierwsz\u0105 rzecz, kt\u00f3r\u0105 zacz\u0105\u0142em szuka\u0107, to legendarn\u0105 w mojej rodzinie ksi\u0105\u017ck\u0119 o\u00a0historii\u00a0Cho\u0142odeckich pod tytu\u0142em &#8220;Bia\u0142ynia-Cho\u0142odeccy: Uczestnicy spisk\u00f3w, wi\u0119\u017aniowie stanu, wychod\u017acy z ziemi ojczystej w \u015bwietle akt\u00f3w proces\u00f3w politycznych i dokument\u00f3w archiwum familijnego (1831-1863)&#8221;. \u00a0Pierwszy raz ujrza\u0142em t\u0105 ksi\u0105\u017ck\u0119 w 2001 roku, \u00a0kiedy m\u00f3j kuzyn Mateusz Cho\u0142odecki zrobi\u0142 jej kopie podczas studi\u00f3w [&hellip;]<\/p>\n","protected":false},"author":1,"featured_media":0,"comment_status":"open","ping_status":"open","sticky":false,"template":"","format":"standard","meta":{"footnotes":""},"categories":[3,52],"tags":[34,7,33,32,24],"class_list":["post-160","post","type-post","status-publish","format-standard","hentry","category-historia","category-internet","tag-34","tag-jozef-bialynia-cholodecki","tag-powstanie-listopadowe","tag-powstanie-styczniowe","tag-poznan"],"_links":{"self":[{"href":"http:\/\/xn--choodeccy-sub.org\/blog\/index.php?rest_route=\/wp\/v2\/posts\/160","targetHints":{"allow":["GET"]}}],"collection":[{"href":"http:\/\/xn--choodeccy-sub.org\/blog\/index.php?rest_route=\/wp\/v2\/posts"}],"about":[{"href":"http:\/\/xn--choodeccy-sub.org\/blog\/index.php?rest_route=\/wp\/v2\/types\/post"}],"author":[{"embeddable":true,"href":"http:\/\/xn--choodeccy-sub.org\/blog\/index.php?rest_route=\/wp\/v2\/users\/1"}],"replies":[{"embeddable":true,"href":"http:\/\/xn--choodeccy-sub.org\/blog\/index.php?rest_route=%2Fwp%2Fv2%2Fcomments&post=160"}],"version-history":[{"count":10,"href":"http:\/\/xn--choodeccy-sub.org\/blog\/index.php?rest_route=\/wp\/v2\/posts\/160\/revisions"}],"predecessor-version":[{"id":217,"href":"http:\/\/xn--choodeccy-sub.org\/blog\/index.php?rest_route=\/wp\/v2\/posts\/160\/revisions\/217"}],"wp:attachment":[{"href":"http:\/\/xn--choodeccy-sub.org\/blog\/index.php?rest_route=%2Fwp%2Fv2%2Fmedia&parent=160"}],"wp:term":[{"taxonomy":"category","embeddable":true,"href":"http:\/\/xn--choodeccy-sub.org\/blog\/index.php?rest_route=%2Fwp%2Fv2%2Fcategories&post=160"},{"taxonomy":"post_tag","embeddable":true,"href":"http:\/\/xn--choodeccy-sub.org\/blog\/index.php?rest_route=%2Fwp%2Fv2%2Ftags&post=160"}],"curies":[{"name":"wp","href":"https:\/\/api.w.org\/{rel}","templated":true}]}}