{"id":173,"date":"2012-02-11T00:42:52","date_gmt":"2012-02-11T05:42:52","guid":{"rendered":"http:\/\/cholodeccy.org\/blog\/?p=173"},"modified":"2015-05-12T14:21:47","modified_gmt":"2015-05-12T19:21:47","slug":"ktory-cholodecki-zginal-we-francji","status":"publish","type":"post","link":"http:\/\/xn--choodeccy-sub.org\/blog\/?p=173","title":{"rendered":"Kt\u00f3ry Cho\u0142odecki zgin\u0105\u0142 we Francji?"},"content":{"rendered":"<p style=\"text-align: left;\">Archiwa nam cz\u0119sto pokazuj\u0105 \u017ce za\u0142o\u017cenia jakie mamy, i podejrzenia, s\u0105 zupe\u0142nie pomylone. Wiemy \u017ce <a href=\"http:\/\/cholodeccy.org\/blog\/?p=137\">Aleksander Cho\u0142odecki<\/a>, opisany przez J\u00f3zefa Bialyni-Cho\u0142odeckiego, bra\u0142 udzia\u0142 w powstaniu w 1831 roku. \u00a0Jest r\u00f3wnie\u017c podana informacja \u017ce Aleksander Cho\u0142odecki zmar\u0142 w Francji w 1846 roku, J\u00f3zef Bia\u0142ynia-Cholodecki by\u0142 \u015bwi\u0119cie przekonany \u017ce to jeden i ten sam Cho\u0142odecki. \u00a0Okazuje si\u0119 \u017ce Aleksander Cholodecki opisany przez J\u00f3zefa Bia\u0142yni\u0119, chocia\u017c m\u00f3g\u0142 by\u0107 po 1834 roku w Francji, to tam nie zosta\u0142. \u00a0Znalaz\u0142 si\u0119 w Warszawie w 1860 roku. \u00a0Wiemy bo archiwum w Warszawie udost\u0119pni\u0142 nast\u0119puj\u0105cy<a href=\"http:\/\/szukajwarchiwach.pl\/72\/158\/0\/-\/32\/skan\/img\/e0I4Cl6CZCA4MszV12f9wQ\"> akt metrykalny<\/a>:<a href=\"http:\/\/cho\u0142odeccy.org\/blog\/wp-content\/uploads\/2012\/02\/Metryka-slubu-Aleksandra-Cholodeckiego-1.jpg\"><img loading=\"lazy\" decoding=\"async\" class=\"aligncenter wp-image-183 \" title=\"Metryka slubu Aleksandra Cholodeckiego 1\" src=\"http:\/\/xn--choodeccy-sub.org\/blog\/wp-content\/uploads\/2012\/02\/Metryka-slubu-Aleksandra-Cholodeckiego-1.jpg\" alt=\"\" width=\"632\" height=\"1024\" srcset=\"http:\/\/xn--choodeccy-sub.org\/blog\/wp-content\/uploads\/2012\/02\/Metryka-slubu-Aleksandra-Cholodeckiego-1.jpg 997w, http:\/\/xn--choodeccy-sub.org\/blog\/wp-content\/uploads\/2012\/02\/Metryka-slubu-Aleksandra-Cholodeckiego-1-185x300.jpg 185w\" sizes=\"auto, (max-width: 632px) 100vw, 632px\" \/><\/a><\/p>\n<p>Wi\u0119c co to by\u0142 za Cholodecki kt\u00f3ry zmar\u0142 w Francji? \u00a0Do tego jeszcze nie doszli\u015bmy, wiemy \u017ce by\u0142 z Wo\u0142ynia, i jest o nim ma\u0142y biogram w ksi\u0105\u017cce \u00a0Mariana Tyrowicza pt.&#8221;Towarzystwo Demokratyczne Polskie 1832-1863 &#8211; przyw\u00f3dcy i kadry cz\u0142onkowskie&#8221; wydanej w Warszawie w 1964r. \u00a0Przes\u0142a\u0142 mi t\u0105 informacje Stefan Mierowski w 2004 roku.<\/p>\n<p><a href=\"http:\/\/cho\u0142odeccy.org\/blog\/wp-content\/uploads\/2012\/02\/Antoni-Akesander-Cholodecki.jpg\"><img loading=\"lazy\" decoding=\"async\" class=\"alignright wp-image-182 size-full\" title=\"Antoni Akesander Cholodecki\" src=\"http:\/\/xn--choodeccy-sub.org\/blog\/wp-content\/uploads\/2012\/02\/Antoni-Akesander-Cholodecki.jpg\" alt=\"\" width=\"500\" height=\"313\" srcset=\"http:\/\/xn--choodeccy-sub.org\/blog\/wp-content\/uploads\/2012\/02\/Antoni-Akesander-Cholodecki.jpg 500w, http:\/\/xn--choodeccy-sub.org\/blog\/wp-content\/uploads\/2012\/02\/Antoni-Akesander-Cholodecki-300x187.jpg 300w\" sizes=\"auto, (max-width: 500px) 100vw, 500px\" \/><\/a><\/p>\n","protected":false},"excerpt":{"rendered":"<p>Archiwa nam cz\u0119sto pokazuj\u0105 \u017ce za\u0142o\u017cenia jakie mamy, i podejrzenia, s\u0105 zupe\u0142nie pomylone. Wiemy \u017ce Aleksander Cho\u0142odecki, opisany przez J\u00f3zefa Bialyni-Cho\u0142odeckiego, bra\u0142 udzia\u0142 w powstaniu w 1831 roku. \u00a0Jest r\u00f3wnie\u017c podana informacja \u017ce Aleksander Cho\u0142odecki zmar\u0142 w Francji w 1846 roku, J\u00f3zef Bia\u0142ynia-Cholodecki by\u0142 \u015bwi\u0119cie przekonany \u017ce to jeden i ten sam Cho\u0142odecki. \u00a0Okazuje si\u0119 [&hellip;]<\/p>\n","protected":false},"author":1,"featured_media":0,"comment_status":"open","ping_status":"open","sticky":false,"template":"","format":"standard","meta":{"footnotes":""},"categories":[3],"tags":[],"class_list":["post-173","post","type-post","status-publish","format-standard","hentry","category-historia"],"_links":{"self":[{"href":"http:\/\/xn--choodeccy-sub.org\/blog\/index.php?rest_route=\/wp\/v2\/posts\/173","targetHints":{"allow":["GET"]}}],"collection":[{"href":"http:\/\/xn--choodeccy-sub.org\/blog\/index.php?rest_route=\/wp\/v2\/posts"}],"about":[{"href":"http:\/\/xn--choodeccy-sub.org\/blog\/index.php?rest_route=\/wp\/v2\/types\/post"}],"author":[{"embeddable":true,"href":"http:\/\/xn--choodeccy-sub.org\/blog\/index.php?rest_route=\/wp\/v2\/users\/1"}],"replies":[{"embeddable":true,"href":"http:\/\/xn--choodeccy-sub.org\/blog\/index.php?rest_route=%2Fwp%2Fv2%2Fcomments&post=173"}],"version-history":[{"count":9,"href":"http:\/\/xn--choodeccy-sub.org\/blog\/index.php?rest_route=\/wp\/v2\/posts\/173\/revisions"}],"predecessor-version":[{"id":216,"href":"http:\/\/xn--choodeccy-sub.org\/blog\/index.php?rest_route=\/wp\/v2\/posts\/173\/revisions\/216"}],"wp:attachment":[{"href":"http:\/\/xn--choodeccy-sub.org\/blog\/index.php?rest_route=%2Fwp%2Fv2%2Fmedia&parent=173"}],"wp:term":[{"taxonomy":"category","embeddable":true,"href":"http:\/\/xn--choodeccy-sub.org\/blog\/index.php?rest_route=%2Fwp%2Fv2%2Fcategories&post=173"},{"taxonomy":"post_tag","embeddable":true,"href":"http:\/\/xn--choodeccy-sub.org\/blog\/index.php?rest_route=%2Fwp%2Fv2%2Ftags&post=173"}],"curies":[{"name":"wp","href":"https:\/\/api.w.org\/{rel}","templated":true}]}}