{"id":26,"date":"2009-08-13T17:27:11","date_gmt":"2009-08-13T22:27:11","guid":{"rendered":"http:\/\/cholodeccy.org\/blog\/?p=26"},"modified":"2015-05-12T14:18:43","modified_gmt":"2015-05-12T19:18:43","slug":"historia-herbu-bialynia","status":"publish","type":"post","link":"http:\/\/xn--choodeccy-sub.org\/blog\/?p=26","title":{"rendered":"Historia herbu Bia\u0142ynia"},"content":{"rendered":"<p id=\"para.137.1.4.box.193.1244.663.163.q.30\" style=\"text-indent: 1em;\">Tak pisa\u0142 Kasper Niesiecki w 1839 roku o herbie Bia\u0142ynia:<\/p>\n<blockquote>\n<p id=\"para.138.1.0.box.182.344.574.30.q.60\" style=\"text-indent: 1em;\">BIA\u0141YNIA HERB<\/p>\n<p id=\"para.138.3.0.box.148.567.666.725.q.40\" style=\"text-indent: 1em;\"><a href=\"http:\/\/cholodeccy.org\/blog\/wp-content\/uploads\/2009\/08\/Herb-Bialynia.jpg\"><img loading=\"lazy\" decoding=\"async\" class=\"alignright wp-image-174 size-full\" title=\"Herb Bialynia\" src=\"http:\/\/xn--choodeccy-sub.org\/blog\/wp-content\/uploads\/2009\/08\/Herb-Bialynia.jpg\" alt=\"\" width=\"524\" height=\"915\" srcset=\"http:\/\/xn--choodeccy-sub.org\/blog\/wp-content\/uploads\/2009\/08\/Herb-Bialynia.jpg 524w, http:\/\/xn--choodeccy-sub.org\/blog\/wp-content\/uploads\/2009\/08\/Herb-Bialynia-171x300.jpg 171w\" sizes=\"auto, (max-width: 524px) 100vw, 524px\" \/><\/a><\/p>\n<p id=\"para.137.1.4.box.193.1244.663.163.q.30\" style=\"text-indent: 1em;\"><span style=\"text-indent: 1em;\">Podkowa bia\u0142a, rogami do g\u00f3ry obr\u00f3cona, w \u015brodku jej krzy\u017c, tym w\u0142a\u015bnie kszta\u0142tem, jak w herbie Jastrz\u0119beu, tylko ze nad krzyzem prosto, jest be\u0142t od kuszy, albo jako drudzy chc\u0105 strza\u0142a przydana w polu b\u0142\u0119kitnem. Nad he\u0142mem i koron\u0105 pi\u0119\u0107 pi\u00f3r strusich, inni tylko trzy k\u0142ad\u0105. <\/span><\/p>\n<p><a id=\"page.138\" name=\"PA129\"><\/a><\/p>\n<p><input id=\"gwProxy\" type=\"hidden\" \/> <input id=\"jsProxy\" type=\"hidden\" \/><\/p>\n<p style=\"text-indent: 1em;\">Wszyscy si<span style=\"text-indent: 1em;\">\u0119 zgadzaj\u0105 na to, \u017ce ten herb nabyty w Polszcze roku 1332. za W\u0142adys\u0142awa \u0141okietka: gdy si\u0119 albowiem ten Pan na Krzyzaki z wojskiem wybra\u0142, i ju\u017c si\u0119 prawie ob\u00f3z jego z nieprzyjacielskim styka\u0142, rycerz z domu Jastrz\u0119bezyk tak kszta\u0142tnie be\u0142ty, czyli te\u017c strza\u0142y wydr\u0105\u017cy\u0142, \u017ce w nich ogie\u0144 przyprawny utai\u0142. Wtem pos\u0119pna noc pos\u0142u\u017cy\u0142a do fortelu, przeto\u017c pod jej pokryciem stra\u017c ubieg\u0142szy, w Krzy\u017cackie namioty, ukryty po\u017car pu\u015bci\u0142. Utkwione strza\u0142y, na sposobn\u0105 trafiwszy ma- tery\u0105, wkr\u00f3tee p\u0142omieniem wszystkich ogarn\u0119\u0142y, gdzie taki postrach na nieprzyjaciela rzuci\u0142y, \u017ce gdy nasi na nich natarli, jedni z nich w rozsypk\u0119 poszli, drudzy od ognia, insi od miecza pogin\u0119li, przy Polakach zwyci\u0119ztwo stan\u0119\u0142o. <\/span><\/p>\n<p><a style=\"text-indent: 13px;\" href=\"http:\/\/cholodeccy.org\/blog\/wp-content\/uploads\/2009\/08\/Herb_Bialina_Baranow_Sandomierski.png\"><img loading=\"lazy\" decoding=\"async\" class=\"alignleft wp-image-176 size-full\" style=\"border-style: initial; border-color: initial;\" title=\"Herb_Bialina,_Baranow_Sandomierski\" src=\"http:\/\/xn--choodeccy-sub.org\/blog\/wp-content\/uploads\/2009\/08\/Herb_Bialina_Baranow_Sandomierski.png\" alt=\"\" width=\"328\" height=\"426\" srcset=\"http:\/\/xn--choodeccy-sub.org\/blog\/wp-content\/uploads\/2009\/08\/Herb_Bialina_Baranow_Sandomierski.png 328w, http:\/\/xn--choodeccy-sub.org\/blog\/wp-content\/uploads\/2009\/08\/Herb_Bialina_Baranow_Sandomierski-230x300.png 230w\" sizes=\"auto, (max-width: 328px) 100vw, 328px\" \/><\/a><\/p>\n<p style=\"text-indent: 1em;\">Za- czem w nadgrod\u0119 tak fortunnego przemys\u0142u, do ojczystego herbu Jastrz\u0119bea, pomienionemu rycerzowi b<span style=\"text-indent: 1em;\">e\u0142t przydany : a \u017ce si\u0119 przy wsi <\/span><span style=\"text-indent: 1em;\">Bia\u0142ynia <\/span><span style=\"text-indent: 1em;\">ta <\/span><span style=\"text-indent: 1em;\">expedycya sko\u0144czy\u0142a, <\/span><span style=\"text-indent: 1em;\">dla tego od niej, imienia swego herb naby\u0142, <\/span><span style=\"text-indent: 1em;\">Bia\u0142ynia <\/span><span style=\"text-indent: 1em;\">nazwany. Atoli Paprocki, kt\u00f3ry pierwszy jest tej historyi autorem, i za kt\u00f3rym inni jednostajnie poszli, w inszej ksi\u0105\u017cee swojej, kt\u00f3rej da\u0142 tytu\u0142 <\/span><em style=\"text-indent: 1em;\">Stromatn, <\/em><span style=\"text-indent: 1em;\">pocz\u0105tki Bia\u0142yni jeszcze do czas\u00f3w Boles\u0142awa Krzywousta poci\u0105gaj przydaje ten\u017ce, \u017ce w Mazowszu, dom\u00f3w jest bardzo wiele, kt\u00f3re si\u0119 tym klejnotem piecz\u0119tuj\u0105, ale ich nie liczy. Mnie si\u0119 zda, \u017ce je\u017celi by\u0142y przedtem takie, tedy teraz, do dawnego swego wr\u00f3ci\u0142y si\u0119 Jastrz\u0119bca : ile jednak wiedzie\u0107 mog\u0119, tego sobie jeszcz<\/span><\/p>\n<p style=\"text-indent: 1em;\">e <em>w <\/em>sukcessyi podaj\u0105: <em>Mirski &#8211;\u00a0 Rzepecki &#8211; Wilczek &#8211; Zab\u0142ocki<\/em><\/p>\n<\/blockquote>\n<p><input id=\"gwProxy\" type=\"hidden\" \/> <input id=\"jsProxy\" type=\"hidden\" \/><\/p>\n","protected":false},"excerpt":{"rendered":"<p>Tak pisa\u0142 Kasper Niesiecki w 1839 roku o herbie Bia\u0142ynia: BIA\u0141YNIA HERB Podkowa bia\u0142a, rogami do g\u00f3ry obr\u00f3cona, w \u015brodku jej krzy\u017c, tym w\u0142a\u015bnie kszta\u0142tem, jak w herbie Jastrz\u0119beu, tylko ze nad krzyzem prosto, jest be\u0142t od kuszy, albo jako drudzy chc\u0105 strza\u0142a przydana w polu b\u0142\u0119kitnem. Nad he\u0142mem i koron\u0105 pi\u0119\u0107 pi\u00f3r strusich, inni [&hellip;]<\/p>\n","protected":false},"author":1,"featured_media":0,"comment_status":"open","ping_status":"open","sticky":false,"template":"","format":"standard","meta":{"footnotes":""},"categories":[3],"tags":[17,18],"class_list":["post-26","post","type-post","status-publish","format-standard","hentry","category-historia","tag-herb-bialynia","tag-kasper-niesiecki"],"_links":{"self":[{"href":"http:\/\/xn--choodeccy-sub.org\/blog\/index.php?rest_route=\/wp\/v2\/posts\/26","targetHints":{"allow":["GET"]}}],"collection":[{"href":"http:\/\/xn--choodeccy-sub.org\/blog\/index.php?rest_route=\/wp\/v2\/posts"}],"about":[{"href":"http:\/\/xn--choodeccy-sub.org\/blog\/index.php?rest_route=\/wp\/v2\/types\/post"}],"author":[{"embeddable":true,"href":"http:\/\/xn--choodeccy-sub.org\/blog\/index.php?rest_route=\/wp\/v2\/users\/1"}],"replies":[{"embeddable":true,"href":"http:\/\/xn--choodeccy-sub.org\/blog\/index.php?rest_route=%2Fwp%2Fv2%2Fcomments&post=26"}],"version-history":[{"count":10,"href":"http:\/\/xn--choodeccy-sub.org\/blog\/index.php?rest_route=\/wp\/v2\/posts\/26\/revisions"}],"predecessor-version":[{"id":208,"href":"http:\/\/xn--choodeccy-sub.org\/blog\/index.php?rest_route=\/wp\/v2\/posts\/26\/revisions\/208"}],"wp:attachment":[{"href":"http:\/\/xn--choodeccy-sub.org\/blog\/index.php?rest_route=%2Fwp%2Fv2%2Fmedia&parent=26"}],"wp:term":[{"taxonomy":"category","embeddable":true,"href":"http:\/\/xn--choodeccy-sub.org\/blog\/index.php?rest_route=%2Fwp%2Fv2%2Fcategories&post=26"},{"taxonomy":"post_tag","embeddable":true,"href":"http:\/\/xn--choodeccy-sub.org\/blog\/index.php?rest_route=%2Fwp%2Fv2%2Ftags&post=26"}],"curies":[{"name":"wp","href":"https:\/\/api.w.org\/{rel}","templated":true}]}}