{"id":97,"date":"2009-08-18T11:10:48","date_gmt":"2009-08-18T16:10:48","guid":{"rendered":"http:\/\/cholodeccy.org\/blog\/?p=97"},"modified":"2015-05-12T14:26:08","modified_gmt":"2015-05-12T19:26:08","slug":"w-rodzinie-cholodeckich-bylo-sporo-ulanow","status":"publish","type":"post","link":"http:\/\/xn--choodeccy-sub.org\/blog\/?p=97","title":{"rendered":"W rodzinie Cho\u0142odeckich by\u0142o sporo u\u0142an\u00f3w&#8230;"},"content":{"rendered":"<div id=\"attachment_98\" style=\"width: 310px\" class=\"wp-caption alignleft\"><img loading=\"lazy\" decoding=\"async\" aria-describedby=\"caption-attachment-98\" class=\"wp-image-98 size-medium\" title=\"Flavian i Mieczys\u0142aw Cho\u0142odecki\" src=\"http:\/\/xn--choodeccy-sub.org\/blog\/wp-content\/uploads\/2009\/08\/skanuj005001-300x232.jpg\" alt=\"Flavian i Mieczys\u0142aw Cho\u0142odecki\" width=\"300\" height=\"232\" srcset=\"http:\/\/xn--choodeccy-sub.org\/blog\/wp-content\/uploads\/2009\/08\/skanuj005001-300x232.jpg 300w, http:\/\/xn--choodeccy-sub.org\/blog\/wp-content\/uploads\/2009\/08\/skanuj005001.jpg 900w\" sizes=\"auto, (max-width: 300px) 100vw, 300px\" \/><p id=\"caption-attachment-98\" class=\"wp-caption-text\">Flavian i Mieczys\u0142aw Cho\u0142odecki &#8211; zdj\u0119cie z archiwum \u00a0Janusza Cho\u0142odeckiego<\/p><\/div>\n<div id=\"attachment_101\" style=\"width: 310px\" class=\"wp-caption alignright\"><img loading=\"lazy\" decoding=\"async\" aria-describedby=\"caption-attachment-101\" class=\"wp-image-101 size-medium\" title=\"Jan Cho\u0142odecki, Alicja Cho\u0142odecka ( siostra Jana), ?, Edmund Cho\u0142odecki\" src=\"http:\/\/xn--choodeccy-sub.org\/blog\/wp-content\/uploads\/2009\/08\/skanuj003001-300x210.jpg\" alt=\"an Cho\u0142odecki, Alicja Cho\u0142odecka ( siostra Jana), ?, Edmund Cho\u0142odecki\" width=\"300\" height=\"210\" srcset=\"http:\/\/xn--choodeccy-sub.org\/blog\/wp-content\/uploads\/2009\/08\/skanuj003001-300x210.jpg 300w, http:\/\/xn--choodeccy-sub.org\/blog\/wp-content\/uploads\/2009\/08\/skanuj003001.jpg 655w\" sizes=\"auto, (max-width: 300px) 100vw, 300px\" \/><p id=\"caption-attachment-101\" class=\"wp-caption-text\">Jan Cho\u0142odecki, Alicja Cho\u0142odecka ( siostra Jana), ?, Edmund Cho\u0142odecki &#8211; zdj\u0119cie z archiwum\u00a0Janusza Cho\u0142odeckiego<\/p><\/div>\n<p>W rodzinie Cho\u0142odeckich by\u0142o sporo u\u0142an\u00f3w&#8230;trzech braci &#8211; Marian, Wincenty i Wiktor &#8211; walczyli z Marsza\u0142kiem Pi\u0142sudskim. Jechali na w\u0142asnych koniach z Kudranki na Kij\u00f3w. Wr\u00f3cili wszyscy szcz\u0119\u015bliwie. Pami\u0119tam Wiktora i Wincentego, braci mojego Dziadka Mariana. Kochali swoje konie&#8230;Wiktor z D\u0105browy zaprz\u0119ga\u0142 konie, sadza\u0142 nas na swoim drabiniastym wozie i wio p\u0119dzi\u0142 z dzie\u0107mi Alusi, Staszka i Edmunda w zaczarowany \u015bwiat grobli i staw\u00f3w &#8230;zawsze obok klaczy kasztanki bieg\u0142 malutki konik- \u017arebaczek..<\/p>\n<div id=\"attachment_99\" style=\"width: 310px\" class=\"wp-caption aligncenter\"><img loading=\"lazy\" decoding=\"async\" aria-describedby=\"caption-attachment-99\" class=\"wp-image-99 size-medium\" title=\"Wiktor Cho\u0142odecki, Bronis\u0142awa Cho\u0142odecka ( z domu Mik\u0142aszewska) i brat Bronis\u0142awy\" src=\"http:\/\/xn--choodeccy-sub.org\/blog\/wp-content\/uploads\/2009\/08\/skanuj001001-300x205.jpg\" alt=\"Wiktor Cho\u0142odecki, Bronis\u0142awa Cho\u0142odecka ( z domu Mik\u0142aszewska) i brat Bronis\u0142awy\" width=\"300\" height=\"205\" srcset=\"http:\/\/xn--choodeccy-sub.org\/blog\/wp-content\/uploads\/2009\/08\/skanuj001001-300x205.jpg 300w, http:\/\/xn--choodeccy-sub.org\/blog\/wp-content\/uploads\/2009\/08\/skanuj001001.jpg 662w\" sizes=\"auto, (max-width: 300px) 100vw, 300px\" \/><p id=\"caption-attachment-99\" class=\"wp-caption-text\">Wiktor Cho\u0142odecki, Bronis\u0142awa Cho\u0142odecka ( z domu Mik\u0142aszewska) i brat Bronis\u0142awy &#8211; zdj\u0119cie z archiwum Janusza Cho\u0142odeckiego<\/p><\/div>\n<p>Edmund kocha\u0142 swoich Stryj\u00f3w. Wincenty mieszka\u0142 w W\u0105bnicach a Wiktor w D\u0105browie. Odwiedza\u0142 ich co niedziele. Jechali\u015bmy z Czatkowic motocyklem. Dw\u00f3jka dzieci na baku i jedno miedzy Mamu\u015bk\u0105 Irenk\u0105 na tylnym siedzeniu! \u017bona Wiktora Bronia kocha\u0142a Edmuncia bezgranicznie. A to naci\u0119\u0142a szyneczki z macka, s\u0142oniny cieniutko na chleb nakroi\u0142a, rydz\u00f3w ,podpie\u0144k\u00f3w i kani do zagryzienia&#8230;pycha i \u0142akomstwo.<\/p>\n<div id=\"attachment_100\" style=\"width: 203px\" class=\"wp-caption aligncenter\"><img loading=\"lazy\" decoding=\"async\" aria-describedby=\"caption-attachment-100\" class=\"wp-image-100 size-medium\" title=\"Stanis\u0142aw Cho\u0142odecki, Maryla Cho\u0142odecka, Roman Cho\u0142odecki\" src=\"http:\/\/xn--choodeccy-sub.org\/blog\/wp-content\/uploads\/2009\/08\/skanuj002001-193x300.jpg\" alt=\"Stanis\u0142aw Cho\u0142odecki, Maryla Cho\u0142odecka, Roman Cho\u0142odecki\" width=\"193\" height=\"300\" srcset=\"http:\/\/xn--choodeccy-sub.org\/blog\/wp-content\/uploads\/2009\/08\/skanuj002001-193x300.jpg 193w, http:\/\/xn--choodeccy-sub.org\/blog\/wp-content\/uploads\/2009\/08\/skanuj002001.jpg 580w\" sizes=\"auto, (max-width: 193px) 100vw, 193px\" \/><p id=\"caption-attachment-100\" class=\"wp-caption-text\">Stanis\u0142aw Cho\u0142odecki, Maryla Cho\u0142odecka, Roman Cho\u0142odecki &#8211; zdj\u0119cie z archiwum Janusza\u00a0Cho\u0142odeckiego<\/p><\/div>\n<p><input id=\"gwProxy\" type=\"hidden\" \/> <input id=\"jsProxy\" type=\"hidden\" \/> <input id=\"gwProxy\" type=\"hidden\" \/> <input id=\"jsProxy\" type=\"hidden\" \/><\/p>\n<p><input id=\"gwProxy\" type=\"hidden\" \/><input id=\"jsProxy\" type=\"hidden\" \/><\/p>\n","protected":false},"excerpt":{"rendered":"<p>W rodzinie Cho\u0142odeckich by\u0142o sporo u\u0142an\u00f3w&#8230;trzech braci &#8211; Marian, Wincenty i Wiktor &#8211; walczyli z Marsza\u0142kiem Pi\u0142sudskim. Jechali na w\u0142asnych koniach z Kudranki na Kij\u00f3w. Wr\u00f3cili wszyscy szcz\u0119\u015bliwie. Pami\u0119tam Wiktora i Wincentego, braci mojego Dziadka Mariana. Kochali swoje konie&#8230;Wiktor z D\u0105browy zaprz\u0119ga\u0142 konie, sadza\u0142 nas na swoim drabiniastym wozie i wio p\u0119dzi\u0142 z dzie\u0107mi Alusi, [&hellip;]<\/p>\n","protected":false},"author":3,"featured_media":0,"comment_status":"open","ping_status":"open","sticky":false,"template":"","format":"standard","meta":{"footnotes":""},"categories":[3],"tags":[40,45,47,37,36,48,39,44,49,38,41,51,50,46,42,43],"class_list":["post-97","post","type-post","status-publish","format-standard","hentry","category-historia","tag-alicja-cholodecka","tag-bronislawa-cholodecka-z-domu-miklaszewska","tag-czatkowice","tag-edmund-cholodecki","tag-flavian-cholodecki","tag-irena-cholodecka","tag-krzysztof-cholodecki","tag-marian-cholodecki","tag-maryla-cholodecka","tag-mieczyslaw-cholodecki","tag-pilsudski","tag-roman-cholodecki","tag-stanislaw-cholodecki","tag-wabnice","tag-wiktor-cholodecki","tag-wincenty-cholodecki"],"_links":{"self":[{"href":"http:\/\/xn--choodeccy-sub.org\/blog\/index.php?rest_route=\/wp\/v2\/posts\/97","targetHints":{"allow":["GET"]}}],"collection":[{"href":"http:\/\/xn--choodeccy-sub.org\/blog\/index.php?rest_route=\/wp\/v2\/posts"}],"about":[{"href":"http:\/\/xn--choodeccy-sub.org\/blog\/index.php?rest_route=\/wp\/v2\/types\/post"}],"author":[{"embeddable":true,"href":"http:\/\/xn--choodeccy-sub.org\/blog\/index.php?rest_route=\/wp\/v2\/users\/3"}],"replies":[{"embeddable":true,"href":"http:\/\/xn--choodeccy-sub.org\/blog\/index.php?rest_route=%2Fwp%2Fv2%2Fcomments&post=97"}],"version-history":[{"count":14,"href":"http:\/\/xn--choodeccy-sub.org\/blog\/index.php?rest_route=\/wp\/v2\/posts\/97\/revisions"}],"predecessor-version":[{"id":223,"href":"http:\/\/xn--choodeccy-sub.org\/blog\/index.php?rest_route=\/wp\/v2\/posts\/97\/revisions\/223"}],"wp:attachment":[{"href":"http:\/\/xn--choodeccy-sub.org\/blog\/index.php?rest_route=%2Fwp%2Fv2%2Fmedia&parent=97"}],"wp:term":[{"taxonomy":"category","embeddable":true,"href":"http:\/\/xn--choodeccy-sub.org\/blog\/index.php?rest_route=%2Fwp%2Fv2%2Fcategories&post=97"},{"taxonomy":"post_tag","embeddable":true,"href":"http:\/\/xn--choodeccy-sub.org\/blog\/index.php?rest_route=%2Fwp%2Fv2%2Ftags&post=97"}],"curies":[{"name":"wp","href":"https:\/\/api.w.org\/{rel}","templated":true}]}}